{"id":1332,"__str__":"Parecer - Comiss\u00e3o Finan\u00e7as p\u00fablicas de 06/07/2011 por vanderlei, Paulo e Jose Ferreira","link_detail_backend":"/materia/documentoacessorio/1332","metadata":{},"nome":"Comiss\u00e3o Finan\u00e7as p\u00fablicas","data":"2011-07-06","autor":"vanderlei, Paulo e Jose Ferreira","ementa":"PARECER FAVOR\u00c1VEL AO PROJETO DE LEI N\u00ba 46-2011","indexacao":"","arquivo":"http://sapl.pedroleopoldo.mg.leg.br/media/sapl/public/documentoacessorio/2011/1332/1332.odt","data_ultima_atualizacao":"2018-12-19T13:37:14.636728-02:00","materia":3462,"tipo":1}