{"id":2644,"__str__":"Outro - Comunica\u00e7\u00e3o Interna 09 de 09/06/2014 por Dra. Ana Karla","link_detail_backend":"/materia/documentoacessorio/2644","metadata":{},"nome":"Comunica\u00e7\u00e3o Interna 09","data":"2014-06-09","autor":"Dra. Ana Karla","ementa":"Proposi\u00e7\u00e3o inconstitucional.","indexacao":"","arquivo":"http://sapl.pedroleopoldo.mg.leg.br/media/sapl/public/documentoacessorio/2014/2644/2644.pdf","data_ultima_atualizacao":"2018-12-19T13:37:07.207377-02:00","materia":6079,"tipo":39}