{"id":4907,"__str__":"Reda\u00e7\u00e3o Final - Reda\u00e7\u00e3o Final de 05/09/2016 por Comiss\u00e3o de Justi\u00e7a e Reda\u00e7\u00e3o","link_detail_backend":"/materia/documentoacessorio/4907","metadata":{},"nome":"Reda\u00e7\u00e3o Final","data":"2016-09-05","autor":"Comiss\u00e3o de Justi\u00e7a e Reda\u00e7\u00e3o","ementa":"","indexacao":"","arquivo":"http://sapl.pedroleopoldo.mg.leg.br/media/sapl/public/documentoacessorio/2015/4907/4907.doc","data_ultima_atualizacao":"2018-12-19T13:37:06.739105-02:00","materia":8270,"tipo":62}