{"id":12374,"__str__":"Protocolo n\u00ba 693 de 2018","link_detail_backend":"/materia/12374","metadata":{},"numero":693,"ano":2018,"numero_protocolo":null,"data_apresentacao":"2018-09-25","tipo_apresentacao":"","data_publicacao":null,"numero_origem_externa":"","ano_origem_externa":null,"data_origem_externa":null,"apelido":"","dias_prazo":null,"data_fim_prazo":null,"em_tramitacao":true,"polemica":null,"objeto":"","complementar":null,"ementa":"NO USO DE MINHAS ATRIBUI\u00c7\u00d5ES REGIMENTAIS, INDICO AO SENHOR PREFEITO, QUE SEJA FEITO A SINALIZA\u00c7\u00c3O PROIBINDO PARAR E ESTACIONAR EM UM SENTIDO DA VIA, QUE \u00c9 DE M\u00c3O DUPLA NA RUA JO\u00c3O PEREIRA GURITA (ANTIGA RUA E) NO BAIRRO DOM CAMILO.(FOTOS EM ANEXO)\r\n","indexacao":"TR\u00c2NSITO SINAL PLACA","observacao":"JUSTIFICATIVAS:MORADORES E CONDUTORES QUE TRAFEGAM NESTE LOCAL RECLAMAM DA DIFICULDADE DE SE TRANSITAR DE CARRO PELA VIA,DEVIDO O FATO DE SEMPRE TER CARRETAS E \u00d4NIBUS ESTACIONADOS O TEMPO TODO NOS DOIS SENTIDOS DA VIA .\r\n","resultado":"","texto_original":null,"data_ultima_atualizacao":"2018-12-19T13:35:53.520370-02:00","ip":"","ultima_edicao":null,"tipo":10,"regime_tramitacao":1,"tipo_origem_externa":null,"local_origem_externa":null,"user":null,"anexadas":[],"autores":[85]}