{"id":12712,"__str__":"Indica\u00e7\u00e3o n\u00ba 485 de 2018","link_detail_backend":"/materia/12712","metadata":{},"numero":485,"ano":2018,"numero_protocolo":null,"data_apresentacao":"2018-11-12","tipo_apresentacao":"","data_publicacao":null,"numero_origem_externa":"","ano_origem_externa":null,"data_origem_externa":null,"apelido":"","dias_prazo":null,"data_fim_prazo":null,"em_tramitacao":true,"polemica":null,"objeto":"","complementar":null,"ementa":"NO USO DE MINHAS ATRIBUI\u00c7\u00d5ES REGIMENTAIS, INDICO AO EXCELENT\u00cdSSIMO SENHOR PREFEITO VERIFICAR JUNTO AO DEPARTAMENTO COMPETENTE A POSSIBILIDADE DE A\u00c7\u00d5ES PARA MELHORIAS NA ACESSIBILIDADE DE PEDESTRES E NO TR\u00c2NSITO NAS PORTAS DAS CEMAI&#8217;S LAR CRIAN\u00c7A ESPERAN\u00c7A, VOV\u00d4 HIL\u00c1RIO, EUG\u00caNIA BASTOS, ARCA DE NO\u00c9, V\u00d3 NENZINHA E CESCOPEL, BEM COMO, SEPARAR VAGAS PARA EMBARQUE E DESEMBARQUE DE VE\u00cdCULOS DE TRANSPORTE ESCOLAR NA SA\u00cdDA DAS MESMAS.","indexacao":"MELHORAR, ACESSO, CRECHE, TRANSPORTES, SINALIZAR, CEMAI (1796)","observacao":"","resultado":"","texto_original":"http://sapl.pedroleopoldo.mg.leg.br/media/sapl/public/materialegislativa/2018/12712/12712_texto_integral.pdf","data_ultima_atualizacao":"2018-12-19T13:36:48.511856-02:00","ip":"","ultima_edicao":null,"tipo":8,"regime_tramitacao":1,"tipo_origem_externa":null,"local_origem_externa":null,"user":null,"anexadas":[12640],"autores":[86]}