{"id":14230,"__str__":"Protocolo n\u00ba 613 de 2019","link_detail_backend":"/materia/14230","metadata":{},"numero":613,"ano":2019,"numero_protocolo":null,"data_apresentacao":"2019-07-12","tipo_apresentacao":"","data_publicacao":null,"numero_origem_externa":"","ano_origem_externa":null,"data_origem_externa":null,"apelido":"","dias_prazo":null,"data_fim_prazo":null,"em_tramitacao":true,"polemica":null,"objeto":"","complementar":null,"ementa":"Conceder Mo\u00e7\u00e3o de Parab\u00e9ns a Nina Goretti Ferreira Alberto!\r\n\r\n                                          Justificativa \r\n\r\nAluna do 5\u00b0 ano nascida em 03/05/2009 estudante da Escola Municipal Isabel Gomes Teixeira  teve sua Reda\u00e7\u00e3o escolhida como Reda\u00e7\u00e3o destaque dentre   as tr\u00eas melhores redigidas por alunos participantes  do Programa Proerd  2019 do Estado de  Minas Gerais ,CUJO  TEMA FOI: \"O QUE EU APRENDI COM O PROERD\". \r\n\r\nFilia\u00e7\u00e3o:Antonio Marcos Alberto (Pai)\r\nMaria Goretti Ferreira Alberto\r\n\r\nEndere\u00e7o: Rua das Violetas n\u00b0229\r\nBairro Santa F\u00e9 \r\n\r\nPedro Leopoldo","indexacao":"mocao de parabens homenagem nina gorete ferreira alberto escola izabel gomes reda\u00e7\u00e3o","observacao":"","resultado":"","texto_original":null,"data_ultima_atualizacao":"2019-08-01T09:54:53.063716-03:00","ip":"177.55.178.122","ultima_edicao":null,"tipo":10,"regime_tramitacao":1,"tipo_origem_externa":null,"local_origem_externa":null,"user":46,"anexadas":[],"autores":[85]}