{"id":15725,"__str__":"Indica\u00e7\u00e3o n\u00ba 225 de 2020","link_detail_backend":"/materia/15725","metadata":{},"numero":225,"ano":2020,"numero_protocolo":null,"data_apresentacao":"2020-06-22","tipo_apresentacao":"","data_publicacao":null,"numero_origem_externa":"","ano_origem_externa":null,"data_origem_externa":null,"apelido":"","dias_prazo":null,"data_fim_prazo":null,"em_tramitacao":true,"polemica":null,"objeto":"","complementar":null,"ementa":"No uso de minhas atribui\u00e7\u00f5es regimentais, indico ao Excelent\u00edssimo Senhor Prefeito determinar ao setor competente instalar l\u00e2mpadas de Diodo Emissor de Luz - LED - na Ruas Suzana Passos, Nossa Senhora das Gra\u00e7as, S\u00e3o Jo\u00e3o Guarani, Tupis, Geraldo Br\u00e1s Moreira, Te\u00f3filo Calazans de Barros, Zamira Alves, Domingos Sorrentino, S\u00e3o Vicente de Paula,  21 de abril, Pac\u00edfico Gon\u00e7alves Filho, Justa Vilela do Amaral, Pedro Leopoldo, Jos\u00e9 Rosa de Oliveira, Gard\u00eania e Travessa Guarani.","indexacao":"No uso de minhas atribui\u00e7\u00f5es regimentais, indico ao Excelent\u00edssimo Senhor Prefeito determinar ao setor competente instalar l\u00e2mpadas de Diodo Emissor de Luz - LED - na Ruas Suzana Passos, Nossa Senhora das Gra\u00e7as, S\u00e3o Jo\u00e3o Guarani, Tupis, Geraldo Br\u00e1s Moreira, Te\u00f3filo Calazans de Barros, Zamira Alves, Domingos Sorrentino, S\u00e3o Vicente de Paula,  21 de abril, Pac\u00edfico Gon\u00e7alves Filho, Justa Vilela do Amaral, Pedro Leopoldo, Jos\u00e9 Rosa de Oliveira, Gard\u00eania e Travessa Guarani.","observacao":"","resultado":"","texto_original":"http://sapl.pedroleopoldo.mg.leg.br/media/sapl/public/materialegislativa/2020/15725/indicacao_no_225-2020_-_frederico_henrique_cota_alves.pdf","data_ultima_atualizacao":"2022-05-18T09:08:30.717060-03:00","ip":"177.55.178.122","ultima_edicao":"2022-05-18T09:08:30.467428-03:00","tipo":8,"regime_tramitacao":1,"tipo_origem_externa":null,"local_origem_externa":null,"user":46,"anexadas":[15650],"autores":[86]}