{"id":15839,"__str__":"Indica\u00e7\u00e3o n\u00ba 268 de 2020","link_detail_backend":"/materia/15839","metadata":{},"numero":268,"ano":2020,"numero_protocolo":null,"data_apresentacao":"2020-06-29","tipo_apresentacao":"","data_publicacao":null,"numero_origem_externa":"","ano_origem_externa":null,"data_origem_externa":null,"apelido":"","dias_prazo":null,"data_fim_prazo":null,"em_tramitacao":true,"polemica":null,"objeto":"","complementar":null,"ementa":"No uso de minhas atribui\u00e7\u00f5es regimentais, reitero ao Excelent\u00edssimo Senhor Prefeito a Indica\u00e7\u00e3o 276/2018, por meio da qual indiquei a implanta\u00e7\u00e3o da internet popular banca larga nos Bairros Quinta das Palmeiras, Manoel Brand\u00e3o, Ferreiras, Santo Ant\u00f4nio da Barra, Ponte Alta, Coqueirinho, Jardin\u00f3polis e Tapera, regi\u00e3o Sul, atrav\u00e9s do Programa Internet para Todos, do Governo Federal.","indexacao":"No uso de minhas atribui\u00e7\u00f5es regimentais, reitero ao Excelent\u00edssimo Senhor Prefeito a Indica\u00e7\u00e3o 276/2018, por meio da qual indiquei a implanta\u00e7\u00e3o da internet popular banca larga nos Bairros Quinta das Palmeiras, Manoel Brand\u00e3o, Ferreiras, Santo Ant\u00f4nio da Barra, Ponte Alta, Coqueirinho, Jardin\u00f3polis e Tapera, regi\u00e3o Sul, atrav\u00e9s do Programa Internet para Todos, do Governo Federal.","observacao":"","resultado":"","texto_original":"http://sapl.pedroleopoldo.mg.leg.br/media/sapl/public/materialegislativa/2020/15839/indicacao_no_268-2020_-_eldir_jose_batista.pdf","data_ultima_atualizacao":"2020-07-03T22:03:57.535309-03:00","ip":"201.17.156.80","ultima_edicao":"2020-07-03T22:01:46.530726-03:00","tipo":8,"regime_tramitacao":1,"tipo_origem_externa":null,"local_origem_externa":null,"user":46,"anexadas":[15789],"autores":[90]}