{"id":16095,"__str__":"Indica\u00e7\u00e3o n\u00ba 363 de 2020","link_detail_backend":"/materia/16095","metadata":{},"numero":363,"ano":2020,"numero_protocolo":null,"data_apresentacao":"2020-08-03","tipo_apresentacao":"","data_publicacao":null,"numero_origem_externa":"","ano_origem_externa":null,"data_origem_externa":null,"apelido":"","dias_prazo":null,"data_fim_prazo":null,"em_tramitacao":true,"polemica":null,"objeto":"","complementar":null,"ementa":"No uso de minhas atribui\u00e7\u00f5es regimentais, indico ao Excelent\u00edssimo Senhor Prefeito determinar ao departamento competente que, ap\u00f3s a abertura da rua que inicia no fundo da rodovi\u00e1ria at\u00e9 a Ponte Eliana Machado, que liga a entrada da cidade \u00e0 Rua Nossa Senhora das Gra\u00e7as, executem-se os seguintes servi\u00e7os:\r\n- prepara\u00e7\u00e3o da base e sub-base da rua aberta, para, em parceria com os propriet\u00e1rios dos lotes, receber a coloca\u00e7\u00e3o do piso;\r\n- ilumina\u00e7\u00e3o de LED;\r\n- pavimenta\u00e7\u00e3o asf\u00e1ltica; e\r\n- a denomina\u00e7\u00e3o da rua com o nome do Dr. Jos\u00e9 Issa, dentista e escritor.\"","indexacao":"No uso de minhas atribui\u00e7\u00f5es regimentais, indico ao Excelent\u00edssimo Senhor Prefeito determinar ao departamento competente que, ap\u00f3s a abertura da rua que inicia no fundo da rodovi\u00e1ria at\u00e9 a Ponte Eliana Machado, que liga a entrada da cidade \u00e0 Rua Nossa Senhora das Gra\u00e7as, executem-se os seguintes servi\u00e7os:\r\n- prepara\u00e7\u00e3o da base e sub-base da rua aberta, para, em parceria com os propriet\u00e1rios dos lotes, receber a coloca\u00e7\u00e3o do piso;\r\n- ilumina\u00e7\u00e3o de LED;\r\n- pavimenta\u00e7\u00e3o asf\u00e1ltica; e\r\n- a denomina\u00e7\u00e3o da rua com o nome do Dr. Jos\u00e9 Issa, dentista e escritor.\"","observacao":"","resultado":"","texto_original":"http://sapl.pedroleopoldo.mg.leg.br/media/sapl/public/materialegislativa/2020/16095/indicacao_no_363-2020_-_paulo_ferreira_pinto.pdf","data_ultima_atualizacao":"2020-08-10T18:52:31.936750-03:00","ip":"177.55.178.122","ultima_edicao":"2020-08-10T18:51:44.531741-03:00","tipo":8,"regime_tramitacao":1,"tipo_origem_externa":null,"local_origem_externa":null,"user":46,"anexadas":[16070],"autores":[17]}