{"id":16244,"__str__":"Protocolo n\u00ba 700 de 2020","link_detail_backend":"/materia/16244","metadata":{},"numero":700,"ano":2020,"numero_protocolo":null,"data_apresentacao":"2020-09-03","tipo_apresentacao":"","data_publicacao":null,"numero_origem_externa":"","ano_origem_externa":null,"data_origem_externa":null,"apelido":"","dias_prazo":null,"data_fim_prazo":null,"em_tramitacao":false,"polemica":false,"objeto":"","complementar":false,"ementa":"Alterar Projeto de Lei n\u00ba 24/2020\r\n\r\nAlterar em todo o texto a palavra \" defici\u00eancia\"  para \" pessoas portadoras de necessidades especiais \" \r\n\r\nIncluir no Art. 3\u00ba o inciso:\r\nIV - Conscientizar o corpo docente e descente da import\u00e2ncia do conv\u00edvio, do respeito e da import\u00e2ncia de ajudar.\r\n\r\nArt 4\u00ba - alterar o m\u00eas de Dezembro para \" Agosto \".","indexacao":"Alterar Projeto de Lei n\u00ba 24/2020\r\n\r\nAlterar em todo o texto a palavra \" defici\u00eancia\"  para \" pessoas portadoras de necessidades especiais \" \r\n\r\nIncluir no Art. 3\u00ba o inciso:\r\nIV - Conscientizar o corpo docente e descente da import\u00e2ncia do conv\u00edvio, do respeito e da import\u00e2ncia de ajudar.\r\n\r\nArt. 4\u00ba - alterar o m\u00eas de Dezembro para \" Agosto \".","observacao":"","resultado":"","texto_original":null,"data_ultima_atualizacao":"2020-09-04T09:52:03.514572-03:00","ip":"177.55.178.122","ultima_edicao":"2020-09-04T09:52:03.435899-03:00","tipo":10,"regime_tramitacao":1,"tipo_origem_externa":null,"local_origem_externa":null,"user":46,"anexadas":[],"autores":[94]}