{"id":16310,"__str__":"Protocolo n\u00ba 738 de 2020","link_detail_backend":"/materia/16310","metadata":{},"numero":738,"ano":2020,"numero_protocolo":null,"data_apresentacao":"2020-09-16","tipo_apresentacao":"","data_publicacao":null,"numero_origem_externa":"","ano_origem_externa":null,"data_origem_externa":null,"apelido":"","dias_prazo":null,"data_fim_prazo":null,"em_tramitacao":true,"polemica":false,"objeto":"","complementar":false,"ementa":"Indico ao Senhor Prefeito que seja feito um convenio com a uni\u00e3o, referente ao Parque de Exposi\u00e7\u00e3o, de que todo s\u00e1bado e domingo, todas as pessoas que produzem algum tipo de artesanato e ou comida t\u00edpica, sejam registrados e catalogados, para que os mesmos possam participar de uma feira ao ar livre aos s\u00e1bados e domingos no Parque de Exposi\u00e7\u00e3o, para fomentar renda, cultura e divulga\u00e7\u00e3o das comidas t\u00edpicas de nosso Munic\u00edpio. Indico que nos dias da feira a Prefeitura forne\u00e7a banheiros qu\u00edmicos, os servi\u00e7os da Guarda Municipal, e a estrutura f\u00edsica para os feirantes. Sugiro que os feirantes paguem uma pequena taxa de licen\u00e7a de alvar\u00e1, que poder\u00e3o ser usados nas despesas dos mesmos.","indexacao":"Indico ao Senhor Prefeito que seja feito um convenio com a uni\u00e3o, referente ao Parque de Exposi\u00e7\u00e3o, de que todo s\u00e1bado e domingo, todas as pessoas que produzem algum tipo de artesanato e ou comida t\u00edpica, sejam registrados e catalogados, para que os mesmos possam participar de uma feira ao ar livre aos s\u00e1bados e domingos no Parque de Exposi\u00e7\u00e3o, para fomentar renda, cultura e divulga\u00e7\u00e3o das comidas t\u00edpicas de nosso Munic\u00edpio. Indico que nos dias da feira a Prefeitura forne\u00e7a banheiros qu\u00edmicos, os servi\u00e7os da Guarda Municipal, e a estrutura f\u00edsica para os feirantes. Sugiro que os feirantes paguem uma pequena taxa de licen\u00e7a de alvar\u00e1, que poder\u00e3o ser usados nas despesas dos mesmos.","observacao":"","resultado":"","texto_original":null,"data_ultima_atualizacao":"2020-09-28T12:57:06.913576-03:00","ip":"177.55.178.122","ultima_edicao":"2020-09-17T10:33:57.726250-03:00","tipo":10,"regime_tramitacao":1,"tipo_origem_externa":null,"local_origem_externa":null,"user":46,"anexadas":[],"autores":[85]}