{"id":16362,"__str__":"Indica\u00e7\u00e3o n\u00ba 445 de 2020","link_detail_backend":"/materia/16362","metadata":{},"numero":445,"ano":2020,"numero_protocolo":null,"data_apresentacao":"2020-09-21","tipo_apresentacao":"","data_publicacao":null,"numero_origem_externa":"","ano_origem_externa":null,"data_origem_externa":null,"apelido":"","dias_prazo":null,"data_fim_prazo":null,"em_tramitacao":true,"polemica":false,"objeto":"","complementar":false,"ementa":"No uso de minhas atribui\u00e7\u00f5es regimentais, indico ao Excelent\u00edssimo Senhor Prefeito determinar ao setor competente providenciar a realiza\u00e7\u00e3o de conv\u00eanio entre o Munic\u00edpio e o Governo Federal que vise \u00e0 realiza\u00e7\u00e3o de feiras de artesanato e comidas t\u00edpicas no Parque de Exposi\u00e7\u00e3o de Pedro Leopoldo, aos s\u00e1bados e aos domingos. Esta indica\u00e7\u00e3o tem como objetivo fomentar a economia e a cultura do munic\u00edpio.","indexacao":"No uso de minhas atribui\u00e7\u00f5es regimentais, indico ao Excelent\u00edssimo Senhor Prefeito determinar ao setor competente providenciar a realiza\u00e7\u00e3o de conv\u00eanio entre o Munic\u00edpio e o Governo Federal que vise \u00e0 realiza\u00e7\u00e3o de feiras de artesanato e comidas t\u00edpicas no Parque de Exposi\u00e7\u00e3o de Pedro Leopoldo, aos s\u00e1bados e aos domingos. Esta indica\u00e7\u00e3o tem como objetivo fomentar a economia e a cultura do munic\u00edpio.","observacao":"","resultado":"","texto_original":"http://sapl.pedroleopoldo.mg.leg.br/media/sapl/public/materialegislativa/2020/16362/indicacao_no_445-2020_-_alex_fabiano_moreira.pdf","data_ultima_atualizacao":"2020-09-28T12:57:07.005504-03:00","ip":"201.17.156.173","ultima_edicao":"2020-09-28T12:55:15.690177-03:00","tipo":8,"regime_tramitacao":1,"tipo_origem_externa":null,"local_origem_externa":null,"user":46,"anexadas":[16310],"autores":[85]}