{"id":16402,"__str__":"Protocolo n\u00ba 777 de 2020","link_detail_backend":"/materia/16402","metadata":{},"numero":777,"ano":2020,"numero_protocolo":null,"data_apresentacao":"2020-10-05","tipo_apresentacao":"","data_publicacao":null,"numero_origem_externa":"","ano_origem_externa":null,"data_origem_externa":null,"apelido":"","dias_prazo":null,"data_fim_prazo":null,"em_tramitacao":true,"polemica":false,"objeto":"","complementar":false,"ementa":"Solicito o encaminhamento de representa\u00e7\u00e3o \u00e0 Companhia de Saneamento de Minas Gerais \u2013 COPASA \u2013 pedindo esclarecimentos sobre a falta de \u00e1gua em grande parte dos bairros em regi\u00f5es altas do Munic\u00edpio, no decorrer da \u00faltima semana, dia 27 de Setembro a 4 de Outubro.","indexacao":"Solicito o encaminhamento de representa\u00e7\u00e3o \u00e0 Companhia de Saneamento de Minas Gerais \u2013 COPASA \u2013 pedindo esclarecimentos sobre a falta de \u00e1gua em grande parte dos bairros em regi\u00f5es altas do Munic\u00edpio, no decorrer da \u00faltima semana, dia 27 de Setembro a 4 de Outubro.","observacao":"","resultado":"","texto_original":null,"data_ultima_atualizacao":"2021-01-12T10:31:19.396159-03:00","ip":"177.55.178.122","ultima_edicao":"2020-10-06T11:07:10.689558-03:00","tipo":10,"regime_tramitacao":1,"tipo_origem_externa":null,"local_origem_externa":null,"user":46,"anexadas":[],"autores":[85,89,90,99,86,32,75,88,39,17]}