{"id":16562,"__str__":"Protocolo n\u00ba 5 de 2021","link_detail_backend":"/materia/16562","metadata":{},"numero":5,"ano":2021,"numero_protocolo":null,"data_apresentacao":"2021-01-04","tipo_apresentacao":"","data_publicacao":null,"numero_origem_externa":"","ano_origem_externa":null,"data_origem_externa":null,"apelido":"","dias_prazo":null,"data_fim_prazo":null,"em_tramitacao":false,"polemica":false,"objeto":"","complementar":false,"ementa":"(j\u00e1 tem Ind 74/17 Fred) Solicito a empresa expresso Unir que disponibilize, por pelo 03 vezes ao dia, um \u00f4nibus para atender as comunidades de Jardin\u00f3polis  e Ponte Alta, preferencialmente, com sa\u00edda do centro da cidade e retorno nos seguintes hor\u00e1rios:\r\nSa\u00edda \u00e0s 06:00min do centro da cidade, retornando a rodovi\u00e1ria \u00e0s 07:00min;\r\nSa\u00edda \u00e0s 11:30min do centro da cidade, retornando a rodovi\u00e1ria \u00e0s 12:00min;\r\nSa\u00edda \u00e0s 18:00min do centro da cidade, retornando a rodovi\u00e1ria \u00e0s 19:00min;\r\nCumpre destacar que essa regi\u00e3o n\u00e3o \u00e9 atendida por transporte p\u00fablico, fazendo com que os moradores precisem se deslocar a p\u00e9 por aproximadamente 08 km at\u00e9 o Bairro Santo Ant\u00f4nio da Barra para ter acesso ao transporte p\u00fablico.","indexacao":"Solicito a empresa expresso Unir que disponibilize, por pelo 03 vezes ao dia, um \u00f4nibus para atender as comunidades de Jardin\u00f3polis  e Ponte Alta, preferencialmente, com sa\u00edda do centro da cidade e retorno nos seguintes hor\u00e1rios:\r\nSa\u00edda \u00e0s 06:00min do centro da cidade, retornando a rodovi\u00e1ria \u00e0s 07:00min;\r\nSa\u00edda \u00e0s 11:30min do centro da cidade, retornando a rodovi\u00e1ria \u00e0s 12:00min;\r\nSa\u00edda \u00e0s 18:00min do centro da cidade, retornando a rodovi\u00e1ria \u00e0s 19:00min;\r\nCumpre destacar que essa regi\u00e3o n\u00e3o \u00e9 atendida por transporte p\u00fablico, fazendo com que os moradores precisem se deslocar a p\u00e9 por aproximadamente 08 km at\u00e9 o Bairro Santo Ant\u00f4nio da Barra para ter acesso ao transporte p\u00fablico.","observacao":"","resultado":"","texto_original":null,"data_ultima_atualizacao":"2021-01-12T09:05:32.888260-03:00","ip":"45.181.186.75","ultima_edicao":"2021-01-12T09:05:32.863044-03:00","tipo":10,"regime_tramitacao":1,"tipo_origem_externa":null,"local_origem_externa":null,"user":46,"anexadas":[],"autores":[106]}