{"id":16732,"__str__":"Protocolo n\u00ba 174 de 2021","link_detail_backend":"/materia/16732","metadata":{},"numero":174,"ano":2021,"numero_protocolo":null,"data_apresentacao":"2021-01-14","tipo_apresentacao":"","data_publicacao":null,"numero_origem_externa":"","ano_origem_externa":null,"data_origem_externa":null,"apelido":"","dias_prazo":null,"data_fim_prazo":null,"em_tramitacao":true,"polemica":false,"objeto":"","complementar":false,"ementa":"IND 696/2017\r\n\u201cNO USO DE MINHAS ATRIBUI\u00c7\u00d5ES REGIMENTAIS, INDICO AO EXCELENT\u00cdSSIMO SENHOR PREFEITO PROVIDENCIAR, JUNTO AO SETOR COMPETENTE, A MELHORIA NA SINALIZA\u00c7\u00c3O DO ESTACIONAMENTO DA AVENIDA COMENDADOR ANT\u00d4NIO ALVES E DO TERMINAL RODOVI\u00c1RIO MUNICIPAL.\u201d","indexacao":"IND 696/2017\r\n\u201cNO USO DE MINHAS ATRIBUI\u00c7\u00d5ES REGIMENTAIS, INDICO AO EXCELENT\u00cdSSIMO SENHOR PREFEITO PROVIDENCIAR, JUNTO AO SETOR COMPETENTE, A MELHORIA NA SINALIZA\u00c7\u00c3O DO ESTACIONAMENTO DA AVENIDA COMENDADOR ANT\u00d4NIO ALVES E DO TERMINAL RODOVI\u00c1RIO MUNICIPAL.\u201d","observacao":"","resultado":"","texto_original":null,"data_ultima_atualizacao":"2021-01-18T16:44:50.185585-03:00","ip":"177.55.178.122","ultima_edicao":"2021-01-18T16:44:18.253992-03:00","tipo":10,"regime_tramitacao":1,"tipo_origem_externa":null,"local_origem_externa":null,"user":46,"anexadas":[],"autores":[86]}