{"id":17030,"__str__":"Protocolo n\u00ba 469 de 2021","link_detail_backend":"/materia/17030","metadata":{},"numero":469,"ano":2021,"numero_protocolo":null,"data_apresentacao":"2021-01-22","tipo_apresentacao":"","data_publicacao":null,"numero_origem_externa":"","ano_origem_externa":null,"data_origem_externa":null,"apelido":"","dias_prazo":null,"data_fim_prazo":null,"em_tramitacao":true,"polemica":false,"objeto":"","complementar":false,"ementa":"IND 534/2018 \r\nNo uso de minhas atribui\u00e7\u00f5es regimentais, indico ao Excelent\u00edssimo Senhor Prefeito verificar junto ao departamento competente a possibilidade de cria\u00e7\u00e3o de um bosque no espa\u00e7o p\u00fablico vago, com banquinhos e academia ao ar livre e brinquedos para crian\u00e7as entre a quadra e a pista de skate, localizado no conjunto hist\u00f3rico-arquitet\u00f4nico da pra\u00e7a da esta\u00e7\u00e3o neste Munic\u00edpio.","indexacao":"IND 534/2018 \r\nNo uso de minhas atribui\u00e7\u00f5es regimentais, indico ao Excelent\u00edssimo Senhor Prefeito verificar junto ao departamento competente a possibilidade de cria\u00e7\u00e3o de um bosque no espa\u00e7o p\u00fablico vago, com banquinhos e academia ao ar livre e brinquedos para crian\u00e7as entre a quadra e a pista de skate, localizado no conjunto hist\u00f3rico-arquitet\u00f4nico da pra\u00e7a da esta\u00e7\u00e3o neste Munic\u00edpio.","observacao":"","resultado":"","texto_original":null,"data_ultima_atualizacao":"2021-01-23T15:34:42.213411-03:00","ip":"177.55.178.122","ultima_edicao":"2021-01-23T15:34:06.937295-03:00","tipo":10,"regime_tramitacao":1,"tipo_origem_externa":null,"local_origem_externa":null,"user":46,"anexadas":[],"autores":[86]}