{"id":17246,"__str__":"Protocolo n\u00ba 683 de 2021","link_detail_backend":"/materia/17246","metadata":{},"numero":683,"ano":2021,"numero_protocolo":null,"data_apresentacao":"2021-01-28","tipo_apresentacao":"","data_publicacao":null,"numero_origem_externa":"","ano_origem_externa":null,"data_origem_externa":null,"apelido":"","dias_prazo":null,"data_fim_prazo":null,"em_tramitacao":true,"polemica":false,"objeto":"","complementar":false,"ementa":"Exma. Prefeita, no uso de nossas atribui\u00e7\u00f5es regimentais, indicamos a Sra. a determinar ao setor competente providenciar a opera\u00e7\u00e3o de tapa-buracos na Rua Cristiano Otoni - Bairro: Centro.\r\nA motiva\u00e7\u00e3o ao propor a indica\u00e7\u00e3o adv\u00e9m dos pedestres e ve\u00edculos automotivos que trafegam nessa via, ressalto  recebemos informa\u00e7\u00f5es que alguns ve\u00edculos foram danificados devido o problema nessa rua.","indexacao":"Exma. Prefeita, no uso de nossas atribui\u00e7\u00f5es regimentais, indicamos a Sra. a determinar ao setor competente providenciar a opera\u00e7\u00e3o de tapa-buracos na Rua Cristiano Otoni - Bairro: Centro.\r\nA motiva\u00e7\u00e3o ao propor a indica\u00e7\u00e3o adv\u00e9m dos pedestres e ve\u00edculos automotivos que trafegam nessa via, ressalto  recebemos informa\u00e7\u00f5es que alguns ve\u00edculos foram danificados devido o problema nessa rua.","observacao":"","resultado":"","texto_original":null,"data_ultima_atualizacao":"2021-01-28T21:45:14.653722-03:00","ip":"177.55.178.122","ultima_edicao":"2021-01-28T21:43:38.033054-03:00","tipo":10,"regime_tramitacao":1,"tipo_origem_externa":null,"local_origem_externa":null,"user":46,"anexadas":[],"autores":[102]}