{"id":17293,"__str__":"Protocolo n\u00ba 730 de 2021","link_detail_backend":"/materia/17293","metadata":{},"numero":730,"ano":2021,"numero_protocolo":null,"data_apresentacao":"2021-02-01","tipo_apresentacao":"","data_publicacao":null,"numero_origem_externa":"","ano_origem_externa":null,"data_origem_externa":null,"apelido":"","dias_prazo":null,"data_fim_prazo":null,"em_tramitacao":true,"polemica":false,"objeto":"","complementar":false,"ementa":"REQ 57/2020 \r\nNo uso de minhas atribui\u00e7\u00f5es regimentais, requeiro ao Excelent\u00edssimo Senhor Prefeito que seja informado em que data ser\u00e3o pavimentadas as ruas Pedro Ant\u00f4nio Pereira e Daniel Moreira de Souza.","indexacao":"REQ 57/2020 \r\nNo uso de minhas atribui\u00e7\u00f5es regimentais, requeiro ao Excelent\u00edssimo Senhor Prefeito que seja informado em que data ser\u00e3o pavimentadas as ruas Pedro Ant\u00f4nio Pereira e Daniel Moreira de Souza.","observacao":"","resultado":"","texto_original":null,"data_ultima_atualizacao":"2021-02-17T17:25:55.206143-03:00","ip":"177.55.178.122","ultima_edicao":"2021-02-01T21:59:27.475687-03:00","tipo":10,"regime_tramitacao":1,"tipo_origem_externa":null,"local_origem_externa":null,"user":46,"anexadas":[],"autores":[86]}