{"id":17420,"__str__":"Protocolo n\u00ba 808 de 2021","link_detail_backend":"/materia/17420","metadata":{},"numero":808,"ano":2021,"numero_protocolo":null,"data_apresentacao":"2021-02-05","tipo_apresentacao":"","data_publicacao":null,"numero_origem_externa":"","ano_origem_externa":null,"data_origem_externa":null,"apelido":"","dias_prazo":null,"data_fim_prazo":null,"em_tramitacao":true,"polemica":false,"objeto":"","complementar":false,"ementa":"Requeiro informa\u00e7\u00f5es sobre a regulariza\u00e7\u00e3o dos servi\u00e7os de emiss\u00e3o do cart\u00e3o \u00f3timo especial. Os encaminhamentos a BH TRANS, j\u00e1 est\u00e3o sendo feitos?\r\nSugiro tamb\u00e9m tra\u00e7ar uma estrat\u00e9gia para tornar mais acess\u00edvel a ades\u00e3o ao do benef\u00edcio, o que \u00e9 de direito das pessoas com defici\u00eancia.","indexacao":"Requeiro informa\u00e7\u00f5es sobre a regulariza\u00e7\u00e3o dos servi\u00e7os de emiss\u00e3o do cart\u00e3o \u00f3timo especial. Os encaminhamentos a BH TRANS, j\u00e1 est\u00e3o sendo feitos?\r\nSugiro tamb\u00e9m tra\u00e7ar uma estrat\u00e9gia para tornar mais acess\u00edvel a ades\u00e3o ao do benef\u00edcio, o que \u00e9 de direito das pessoas com defici\u00eancia.","observacao":"","resultado":"","texto_original":null,"data_ultima_atualizacao":"2021-06-07T17:16:02.265726-03:00","ip":"177.55.178.122","ultima_edicao":"2021-02-08T16:36:26.363511-03:00","tipo":10,"regime_tramitacao":1,"tipo_origem_externa":null,"local_origem_externa":null,"user":46,"anexadas":[],"autores":[86]}