{"id":17598,"__str__":"Requerimento n\u00ba 21 de 2021","link_detail_backend":"/materia/17598","metadata":{},"numero":21,"ano":2021,"numero_protocolo":null,"data_apresentacao":"2021-02-22","tipo_apresentacao":"","data_publicacao":null,"numero_origem_externa":"","ano_origem_externa":null,"data_origem_externa":null,"apelido":"","dias_prazo":null,"data_fim_prazo":null,"em_tramitacao":true,"polemica":false,"objeto":"","complementar":false,"ementa":"No uso de minhas atribui\u00e7\u00f5es regimentais, requeiro \u00e0 Excelent\u00edssima Senhora Prefeita informa\u00e7\u00f5es sobre a situa\u00e7\u00e3o atual do Projeto de Regulariza\u00e7\u00e3o Fundi\u00e1ria da Horta Comunit\u00e1ria.","indexacao":"No uso de minhas atribui\u00e7\u00f5es regimentais, requeiro \u00e0 Excelent\u00edssima Senhora Prefeita informa\u00e7\u00f5es sobre a situa\u00e7\u00e3o atual do Projeto de Regulariza\u00e7\u00e3o Fundi\u00e1ria da Horta Comunit\u00e1ria.","observacao":"","resultado":"","texto_original":"http://sapl.pedroleopoldo.mg.leg.br/media/sapl/public/materialegislativa/2021/17598/requerimento_no_021-2021_-_frederico_henrique_cota_alves.pdf","data_ultima_atualizacao":"2021-02-23T16:16:19.731971-03:00","ip":"177.55.178.122","ultima_edicao":"2021-02-23T16:15:55.320450-03:00","tipo":3,"regime_tramitacao":1,"tipo_origem_externa":null,"local_origem_externa":null,"user":46,"anexadas":[17298],"autores":[86]}