{"id":17651,"__str__":"Protocolo n\u00ba 902 de 2021","link_detail_backend":"/materia/17651","metadata":{},"numero":902,"ano":2021,"numero_protocolo":null,"data_apresentacao":"2021-02-26","tipo_apresentacao":"","data_publicacao":null,"numero_origem_externa":"","ano_origem_externa":null,"data_origem_externa":null,"apelido":"","dias_prazo":null,"data_fim_prazo":null,"em_tramitacao":true,"polemica":false,"objeto":"","complementar":false,"ementa":"Requeiro informa\u00e7\u00e3o da Secretaria Municipal de Sa\u00fade:\r\n1) Quantas ambul\u00e2ncias temos em nosso munic\u00edpio?\r\n2) Quantas est\u00e3o funcionando e a disposi\u00e7\u00e3o da popula\u00e7\u00e3o?\r\n3)Quantas est\u00e3o paradas na manuten\u00e7\u00e3o e sem condi\u00e7\u00f5es de uso?\r\n4) Quais os modelos, ano e quilometragem dos ve\u00edculos?\r\n5) Temos ambul\u00e2ncias UTI M\u00d3VEL? Se sim, quantas?\r\n6) Quantos profissionais (motoristas) temos trabalhando nas ambul\u00e2ncias?","indexacao":"Requeiro informa\u00e7\u00e3o da Secretaria Municipal de Sa\u00fade:\r\n1) Quantas ambul\u00e2ncias temos em nosso munic\u00edpio?\r\n2) Quantas est\u00e3o funcionando e a disposi\u00e7\u00e3o da popula\u00e7\u00e3o?\r\n3)Quantas est\u00e3o paradas na manuten\u00e7\u00e3o e sem condi\u00e7\u00f5es de uso?\r\n4) Quais os modelos, ano e quilometragem dos ve\u00edculos?\r\n5) Temos ambul\u00e2ncias UTI M\u00d3VEL? Se sim, quantas?\r\n6) Quantos profissionais (motoristas) temos trabalhando nas ambul\u00e2ncias?","observacao":"","resultado":"","texto_original":null,"data_ultima_atualizacao":"2021-05-12T17:31:23.622302-03:00","ip":"177.55.178.122","ultima_edicao":"2021-02-26T16:30:22.228036-03:00","tipo":10,"regime_tramitacao":1,"tipo_origem_externa":null,"local_origem_externa":null,"user":46,"anexadas":[],"autores":[86]}