{"id":17699,"__str__":"Protocolo n\u00ba 918 de 2021","link_detail_backend":"/materia/17699","metadata":{},"numero":918,"ano":2021,"numero_protocolo":null,"data_apresentacao":"2021-03-03","tipo_apresentacao":"","data_publicacao":null,"numero_origem_externa":"","ano_origem_externa":null,"data_origem_externa":null,"apelido":"","dias_prazo":null,"data_fim_prazo":null,"em_tramitacao":true,"polemica":false,"objeto":"","complementar":false,"ementa":"No uso de minhas atribui\u00e7\u00f5es regimentais, indico a Excelent\u00edssima Senhora Prefeita determinar ao setor competente servi\u00e7os de limpeza, capina e retirada de lixos e entulhos na Rua Manoelito Cunha, Laudelino Leal e Nair Cunha, bairro - centro, neste munic\u00edpio.","indexacao":"No uso de minhas atribui\u00e7\u00f5es regimentais, indico a Excelent\u00edssima Senhora Prefeita determinar ao setor competente servi\u00e7os de limpeza, capina e retirada de lixos e entulhos na Rua Manoelito Cunha, Laudelino Leal e Nair Cunha, bairro - centro, neste munic\u00edpio.","observacao":"","resultado":"","texto_original":null,"data_ultima_atualizacao":"2021-03-10T16:32:18.416854-03:00","ip":"177.55.178.122","ultima_edicao":"2021-03-03T15:23:56.533655-03:00","tipo":10,"regime_tramitacao":1,"tipo_origem_externa":null,"local_origem_externa":null,"user":46,"anexadas":[],"autores":[107]}