{"id":17748,"__str__":"Protocolo n\u00ba 930 de 2021","link_detail_backend":"/materia/17748","metadata":{},"numero":930,"ano":2021,"numero_protocolo":null,"data_apresentacao":"2021-03-08","tipo_apresentacao":"","data_publicacao":null,"numero_origem_externa":"","ano_origem_externa":null,"data_origem_externa":null,"apelido":"","dias_prazo":null,"data_fim_prazo":null,"em_tramitacao":true,"polemica":false,"objeto":"","complementar":false,"ementa":"No uso de minhas atribui\u00e7\u00f5es regimentais, solicito a Vossa Excel\u00eancia tomar as medidas cab\u00edveis, para providenciar repara\u00e7\u00e3o e capina na estrada de Ponte Alta.","indexacao":"No uso de minhas atribui\u00e7\u00f5es regimentais, solicito a Vossa Excel\u00eancia tomar as medidas cab\u00edveis, para providenciar repara\u00e7\u00e3o e capina na estrada de Ponte Alta.","observacao":"","resultado":"","texto_original":null,"data_ultima_atualizacao":"2021-04-17T11:40:20.808951-03:00","ip":"177.55.178.122","ultima_edicao":"2021-03-09T13:53:58.333922-03:00","tipo":10,"regime_tramitacao":1,"tipo_origem_externa":null,"local_origem_externa":null,"user":46,"anexadas":[],"autores":[75]}