{"id":17775,"__str__":"Protocolo n\u00ba 944 de 2021","link_detail_backend":"/materia/17775","metadata":{},"numero":944,"ano":2021,"numero_protocolo":null,"data_apresentacao":"2021-03-16","tipo_apresentacao":"","data_publicacao":null,"numero_origem_externa":"","ano_origem_externa":null,"data_origem_externa":null,"apelido":"","dias_prazo":null,"data_fim_prazo":null,"em_tramitacao":true,"polemica":false,"objeto":"","complementar":false,"ementa":"Indico \u00e0 Exma. Sra. Prefeita, juntamente, com o \u00f3rg\u00e3o respons\u00e1vel a possibilidade de distribui\u00e7\u00e3o leite Aptamil, Nan nas farm\u00e1cias municipais do nosso munic\u00edpio.","indexacao":"Indico \u00e0 Exma. Sra. Prefeita, juntamente, com o \u00f3rg\u00e3o respons\u00e1vel a possibilidade de distribui\u00e7\u00e3o leite Aptamil, Nan nas farm\u00e1cias municipais do nosso munic\u00edpio.","observacao":"","resultado":"","texto_original":null,"data_ultima_atualizacao":"2021-03-16T16:54:33.738969-03:00","ip":"177.55.178.122","ultima_edicao":"2021-03-16T16:50:53.186333-03:00","tipo":10,"regime_tramitacao":1,"tipo_origem_externa":null,"local_origem_externa":null,"user":46,"anexadas":[],"autores":[107]}