{"id":17803,"__str__":"Of\u00edcio n\u00ba 129 de 2020","link_detail_backend":"/materia/17803","metadata":{},"numero":129,"ano":2020,"numero_protocolo":null,"data_apresentacao":"2020-08-27","tipo_apresentacao":"","data_publicacao":null,"numero_origem_externa":"","ano_origem_externa":null,"data_origem_externa":null,"apelido":"","dias_prazo":null,"data_fim_prazo":null,"em_tramitacao":false,"polemica":false,"objeto":"","complementar":false,"ementa":"Ilmo. Sr. Diretor Geral\r\n\r\nConvite para participar da Audi\u00eancia P\u00fablica para discuss\u00e3o do Projeto de Lei n\u00ba 22/2019, em tramite na C\u00e2mara Municipal de Pedro Leopoldo/MG, que discorre acerca do assunto relativo a zona de amortecimento do Parque Estadual da Serra do Sobrado e RVS Serra das Aroeiras, sob administra\u00e7\u00e3o do Instituto Estadual de Florestas de Minas Gerais.\r\n\r\nAo Ilustr\u00edssimo Senhor Ant\u00f4nio Augusto Melo Malard\r\nDiretor Geral do IEFMG","indexacao":"","observacao":"","resultado":"","texto_original":"http://sapl.pedroleopoldo.mg.leg.br/media/sapl/public/materialegislativa/2020/17803/oficio_geral_no_129.2020.pdf","data_ultima_atualizacao":"2021-03-19T09:33:40.884190-03:00","ip":"177.55.178.122","ultima_edicao":"2021-03-19T09:28:58.449811-03:00","tipo":9,"regime_tramitacao":1,"tipo_origem_externa":null,"local_origem_externa":null,"user":52,"anexadas":[],"autores":[]}