{"id":180,"__str__":"Of\u00edcio n\u00ba 318 de 2009","link_detail_backend":"/materia/180","metadata":{},"numero":318,"ano":2009,"numero_protocolo":null,"data_apresentacao":"2009-08-11","tipo_apresentacao":"E","data_publicacao":null,"numero_origem_externa":"","ano_origem_externa":null,"data_origem_externa":null,"apelido":"","dias_prazo":null,"data_fim_prazo":null,"em_tramitacao":false,"polemica":false,"objeto":"","complementar":null,"ementa":"CONCEDE &#8220;MO\u00c7\u00c3O DE PARAB\u00c9NS \u00c0 PRESIDENTE DO CONSELHO PAROQUIAL, A\u00cdDA F\u00c1TIMA MAIA, PELOS CEM ANOS DE FUNDA\u00c7\u00c3O DA CAPELA S\u00c3O JO\u00c3O BATISTA, EM DR. LUND, EXTENSIVO \u00c0 COMUNIDADE&#8221;.\t","indexacao":"","observacao":"","resultado":"","texto_original":"http://sapl.pedroleopoldo.mg.leg.br/media/sapl/public/materialegislativa/2009/180/180_texto_integral.doc","data_ultima_atualizacao":"2018-12-19T13:36:45.418447-02:00","ip":"","ultima_edicao":null,"tipo":9,"regime_tramitacao":1,"tipo_origem_externa":null,"local_origem_externa":null,"user":null,"anexadas":[],"autores":[49]}