{"id":18610,"__str__":"Protocolo n\u00ba 1283 de 2021","link_detail_backend":"/materia/18610","metadata":{},"numero":1283,"ano":2021,"numero_protocolo":null,"data_apresentacao":"2021-06-23","tipo_apresentacao":"","data_publicacao":null,"numero_origem_externa":"","ano_origem_externa":null,"data_origem_externa":null,"apelido":"","dias_prazo":null,"data_fim_prazo":null,"em_tramitacao":true,"polemica":false,"objeto":"","complementar":false,"ementa":"Requer saber se a Secretaria de Cultura j\u00e1 est\u00e1 mobilizada e estruturada para receber os recursos da lei 14.150/21 que prorroga os efeitos e aux\u00edlios da Lei Aldir Blanc, e como e quando se dar\u00e1 os novos cadastros.","indexacao":"Requer saber se a Secretaria de Cultura j\u00e1 est\u00e1 mobilizada e estruturada para receber os recursos da lei 14.150/21 que prorroga os efeitos e aux\u00edlios da Lei Aldir Blanc, e como e quando se dar\u00e1 os novos cadastros.","observacao":"","resultado":"","texto_original":null,"data_ultima_atualizacao":"2021-06-23T17:25:03.556584-03:00","ip":"177.55.178.122","ultima_edicao":"2021-06-23T17:23:09.001440-03:00","tipo":10,"regime_tramitacao":1,"tipo_origem_externa":null,"local_origem_externa":null,"user":46,"anexadas":[],"autores":[104]}