{"id":18812,"__str__":"Protocolo n\u00ba 1404 de 2021","link_detail_backend":"/materia/18812","metadata":{},"numero":1404,"ano":2021,"numero_protocolo":null,"data_apresentacao":"2021-07-20","tipo_apresentacao":"","data_publicacao":null,"numero_origem_externa":"","ano_origem_externa":null,"data_origem_externa":null,"apelido":"","dias_prazo":null,"data_fim_prazo":null,"em_tramitacao":true,"polemica":false,"objeto":"","complementar":false,"ementa":"Indico ao executivo a constru\u00e7\u00e3o de um quebra-molas no trecho situado na rua S\u00e3o Geraldo no bairro Tapera, na bifurca\u00e7\u00e3o com estrada In\u00e1cia de Carvalho, nesse munic\u00edpio.\r\nEm princ\u00edpio, os mun\u00edcipes que residem no local trouxeram o meu gabinete a solicita\u00e7\u00e3o de que um quebra-molas seja constru\u00eddo na Rua S\u00e3o Geraldo com intuito de reduzir a velocidade de trafego, haja vista o enorme risco de colis\u00e3o, decorrente da soma da visibilidade ser prejudicada no trecho, atrelado ao fato de os motoristas trafegarem em velocidade incompat\u00edvel com a seguran\u00e7a.\r\nPor todo o exposto, solicito a aten\u00e7\u00e3o do executivo para que essa demanda seja atendida.","indexacao":"Indico ao executivo a constru\u00e7\u00e3o de um quebra-molas no trecho situado na rua S\u00e3o Geraldo no bairro Tapera, na bifurca\u00e7\u00e3o com estrada In\u00e1cia de Carvalho, nesse munic\u00edpio.\r\nEm princ\u00edpio, os mun\u00edcipes que residem no local trouxeram o meu gabinete a solicita\u00e7\u00e3o de que um quebra-molas seja constru\u00eddo na Rua S\u00e3o Geraldo com intuito de reduzir a velocidade de trafego, haja vista o enorme risco de colis\u00e3o, decorrente da soma da visibilidade ser prejudicada no trecho, atrelado ao fato de os motoristas trafegarem em velocidade incompat\u00edvel com a seguran\u00e7a.\r\nPor todo o exposto, solicito a aten\u00e7\u00e3o do executivo para que essa demanda seja atendida.","observacao":"","resultado":"","texto_original":null,"data_ultima_atualizacao":"2021-07-20T10:23:00.550535-03:00","ip":"177.55.178.122","ultima_edicao":"2021-07-20T10:21:58.904091-03:00","tipo":10,"regime_tramitacao":1,"tipo_origem_externa":null,"local_origem_externa":null,"user":46,"anexadas":[],"autores":[106]}