{"id":18920,"__str__":"Protocolo n\u00ba 1463 de 2021","link_detail_backend":"/materia/18920","metadata":{},"numero":1463,"ano":2021,"numero_protocolo":null,"data_apresentacao":"2021-07-30","tipo_apresentacao":"E","data_publicacao":null,"numero_origem_externa":"","ano_origem_externa":null,"data_origem_externa":null,"apelido":"","dias_prazo":null,"data_fim_prazo":null,"em_tramitacao":false,"polemica":false,"objeto":"","complementar":false,"ementa":"No uso de minhas atribui\u00e7\u00f5es regimentais, indico \u00e0 Excelent\u00edssima Senhora Prefeita determinar ao setor competente providenciar a instala\u00e7\u00e3o de redutor de velocidade (quebra mola) na Av. Camilo Alves da Silva, pr\u00f3ximo ao n\u00famero 2705, neste Munic\u00edpio.","indexacao":"No uso de minhas atribui\u00e7\u00f5es regimentais, indico \u00e0 Excelent\u00edssima Senhora Prefeita determinar ao setor competente providenciar a instala\u00e7\u00e3o de redutor de velocidade (quebra mola) na Av. Camilo Alves da Silva, pr\u00f3ximo ao n\u00famero 2705, neste Munic\u00edpio.","observacao":"","resultado":"","texto_original":null,"data_ultima_atualizacao":"2021-08-03T17:04:41.777879-03:00","ip":"177.55.178.122","ultima_edicao":"2021-08-03T17:04:03.721359-03:00","tipo":10,"regime_tramitacao":1,"tipo_origem_externa":null,"local_origem_externa":null,"user":46,"anexadas":[],"autores":[101]}