{"id":19196,"__str__":"Indica\u00e7\u00e3o n\u00ba 620 de 2021","link_detail_backend":"/materia/19196","metadata":{},"numero":620,"ano":2021,"numero_protocolo":null,"data_apresentacao":"2021-08-30","tipo_apresentacao":"E","data_publicacao":null,"numero_origem_externa":"","ano_origem_externa":null,"data_origem_externa":null,"apelido":"","dias_prazo":null,"data_fim_prazo":null,"em_tramitacao":true,"polemica":false,"objeto":"","complementar":false,"ementa":"No uso de minhas atribui\u00e7\u00f5es regimentais, indico \u00e0 Excelent\u00edssima Senhora Prefeita solicitar ao setor competente providenciar crach\u00e1 de identifica\u00e7\u00e3o e uniformes adequados para todos os funcion\u00e1rios da \u00e1rea de Sa\u00fade. E que garanta a utiliza\u00e7\u00e3o em servi\u00e7o, para que toda a popula\u00e7\u00e3o esteja bem informada.","indexacao":"No uso de minhas atribui\u00e7\u00f5es regimentais, indico \u00e0 Excelent\u00edssima Senhora Prefeita solicitar ao setor competente providenciar crach\u00e1 de identifica\u00e7\u00e3o e uniformes adequados para todos os funcion\u00e1rios da \u00e1rea de Sa\u00fade. E que garanta a utiliza\u00e7\u00e3o em servi\u00e7o, para que toda a popula\u00e7\u00e3o esteja bem informada.","observacao":"","resultado":"","texto_original":"http://sapl.pedroleopoldo.mg.leg.br/media/sapl/public/materialegislativa/2021/19196/indicacao_620-21_-_evaldo.pdf","data_ultima_atualizacao":"2021-09-02T17:02:20.012265-03:00","ip":"177.55.178.122","ultima_edicao":"2021-09-02T16:57:52.632432-03:00","tipo":8,"regime_tramitacao":1,"tipo_origem_externa":null,"local_origem_externa":null,"user":46,"anexadas":[19065],"autores":[101]}