{"id":19216,"__str__":"Requerimento n\u00ba 103 de 2021","link_detail_backend":"/materia/19216","metadata":{},"numero":103,"ano":2021,"numero_protocolo":null,"data_apresentacao":"2021-08-12","tipo_apresentacao":"E","data_publicacao":null,"numero_origem_externa":"","ano_origem_externa":null,"data_origem_externa":null,"apelido":"","dias_prazo":null,"data_fim_prazo":null,"em_tramitacao":true,"polemica":false,"objeto":"","complementar":false,"ementa":"No uso de minhas atribui\u00e7\u00f5es regimentais, requeiro \u00e0 Excelent\u00edssima Senhora Prefeita saber a quantidade de lixeiras alugadas e os valores pagos, mensalmente, no ano de 2021 do Contrato 08/2020 com Vina Equipamentos.","indexacao":"No uso de minhas atribui\u00e7\u00f5es regimentais, requeiro \u00e0 Excelent\u00edssima Senhora Prefeita saber a quantidade de lixeiras alugadas e os valores pagos, mensalmente, no ano de 2021 do Contrato 08/2020 com Vina Equipamentos.","observacao":"","resultado":"","texto_original":"http://sapl.pedroleopoldo.mg.leg.br/media/sapl/public/materialegislativa/2021/19216/requerimento_103-21_-_matheus.pdf","data_ultima_atualizacao":"2021-09-03T14:57:57.432295-03:00","ip":"177.55.178.122","ultima_edicao":"2021-09-03T14:48:14.719348-03:00","tipo":3,"regime_tramitacao":1,"tipo_origem_externa":null,"local_origem_externa":null,"user":46,"anexadas":[19010],"autores":[104]}