{"id":19244,"__str__":"Protocolo n\u00ba 1583 de 2021","link_detail_backend":"/materia/19244","metadata":{},"numero":1583,"ano":2021,"numero_protocolo":null,"data_apresentacao":"2021-09-14","tipo_apresentacao":"","data_publicacao":null,"numero_origem_externa":"","ano_origem_externa":null,"data_origem_externa":null,"apelido":"","dias_prazo":null,"data_fim_prazo":null,"em_tramitacao":true,"polemica":false,"objeto":"","complementar":false,"ementa":"No uso de minhas atribui\u00e7\u00f5es regimentais, requeiro \u00e0 Excelent\u00edssima Senhora Prefeita determinar \u00e0 Secretaria Municipal de Obras encaminhar as seguintes informa\u00e7\u00f5es, a saber:\r\n\r\n\r\n 1) Quantos veiculos o Munic\u00edpio de Pedro Leopoldo possui; \r\n\r\n2) Quantos  est\u00e3o funcionando e \u00e0 disposi\u00e7\u00e3o da popula\u00e7\u00e3o;\r\n \r\n3) Quantos est\u00e3o paradas para manuten\u00e7\u00e3o e sem condi\u00e7\u00f5es de uso;\r\n \r\n4) quais os modelos, ano e quilometragem dos ve\u00edculos;\r\n \r\n5) Quantos veiculos da frota s\u00e3o alugados ou contrato de servi\u00e7o? a\r\n\r\n6) Quantos profissionais(motorista) temos? Efetivos, contratados e terceirizada.","indexacao":"No uso de minhas atribui\u00e7\u00f5es regimentais, requeiro \u00e0 Excelent\u00edssima Senhora Prefeita determinar \u00e0 Secretaria Municipal de Obras encaminhar as seguintes informa\u00e7\u00f5es, a saber:\r\n\r\n\r\n 1) Quantos veiculos o Munic\u00edpio de Pedro Leopoldo possui; \r\n\r\n2) Quantos  est\u00e3o funcionando e \u00e0 disposi\u00e7\u00e3o da popula\u00e7\u00e3o;\r\n \r\n3) Quantos est\u00e3o paradas para manuten\u00e7\u00e3o e sem condi\u00e7\u00f5es de uso;\r\n \r\n4) quais os modelos, ano e quilometragem dos ve\u00edculos;\r\n \r\n5) Quantos veiculos da frota s\u00e3o alugados ou contrato de servi\u00e7o? a\r\n\r\n6) Quantos profissionais(motorista) temos? Efetivos, contratados e terceirizada.","observacao":"","resultado":"","texto_original":null,"data_ultima_atualizacao":"2021-09-15T13:22:30.686251-03:00","ip":"177.55.178.122","ultima_edicao":"2021-09-15T13:22:30.614315-03:00","tipo":10,"regime_tramitacao":1,"tipo_origem_externa":null,"local_origem_externa":null,"user":46,"anexadas":[],"autores":[86]}