{"id":1924,"__str__":"Of\u00edcio n\u00ba 520 de 2009","link_detail_backend":"/materia/1924","metadata":{},"numero":520,"ano":2009,"numero_protocolo":null,"data_apresentacao":"2009-11-24","tipo_apresentacao":"E","data_publicacao":null,"numero_origem_externa":"","ano_origem_externa":null,"data_origem_externa":null,"apelido":"","dias_prazo":null,"data_fim_prazo":null,"em_tramitacao":false,"polemica":null,"objeto":"","complementar":null,"ementa":"COM OS MEUS CUMPRIMENTOS, INFORMO-LHE QUE O VEREADOR JOS\u00c9 FERREIRA DA SILVA REPRESENTAR\u00c1 A C\u00c2MARA MUNICIPAL NA CONCORR\u00caNCIA P\u00daBLICA","indexacao":"COM OS MEUS CUMPRIMENTOS, INFORMO-LHE QUE O VEREADOR JOS\u00c9 FERREIRA DA SILVA REPRESENTAR\u00c1 A C\u00c2MARA MUNICIPAL NA CONCORR\u00caNCIA P\u00daBLICA","observacao":"","resultado":"","texto_original":"http://sapl.pedroleopoldo.mg.leg.br/media/sapl/public/materialegislativa/2009/1924/1924_texto_integral.doc","data_ultima_atualizacao":"2018-12-19T13:36:53.777534-02:00","ip":"","ultima_edicao":null,"tipo":9,"regime_tramitacao":1,"tipo_origem_externa":null,"local_origem_externa":null,"user":null,"anexadas":[],"autores":[49]}