{"id":19413,"__str__":"Protocolo n\u00ba 1668 de 2021","link_detail_backend":"/materia/19413","metadata":{},"numero":1668,"ano":2021,"numero_protocolo":null,"data_apresentacao":"2021-10-21","tipo_apresentacao":"E","data_publicacao":null,"numero_origem_externa":"","ano_origem_externa":null,"data_origem_externa":null,"apelido":"","dias_prazo":null,"data_fim_prazo":null,"em_tramitacao":false,"polemica":false,"objeto":"","complementar":false,"ementa":"N\u00c3O PODE - Tem protocolo 561/2021 - Indica\u00e7\u00e3o 178/2019 de Frederico e Protocolo 505/2021 - Indica\u00e7\u00f5es 173/2020 e 213/2019 do Vereador Eldir\r\nNo uso de minhas atribui\u00e7\u00f5es regimentais, indico \u00e0 Excelent\u00edssima Senhora Prefeita solicitar \u00e0 Secretaria de Obras a realiza\u00e7\u00e3o de servi\u00e7os de reparos para corrigir a eros\u00e3o asf\u00e1ltica na Rua Manoel Diamantino da Costa Bairro Ferreiras, neste munic\u00edpio.","indexacao":"No uso de minhas atribui\u00e7\u00f5es regimentais, indico \u00e0 Excelent\u00edssima Senhora Prefeita solicitar \u00e0 Secretaria de Obras a realiza\u00e7\u00e3o de servi\u00e7os de reparos para corrigir a eros\u00e3o asf\u00e1ltica na Rua Manoel Diamantino da Costa Bairro Ferreiras, neste munic\u00edpio.","observacao":"","resultado":"","texto_original":null,"data_ultima_atualizacao":"2021-11-04T07:59:12.329736-03:00","ip":"177.55.178.122","ultima_edicao":"2021-11-04T07:59:11.919140-03:00","tipo":10,"regime_tramitacao":1,"tipo_origem_externa":null,"local_origem_externa":null,"user":46,"anexadas":[],"autores":[102]}