{"id":19858,"__str__":"Protocolo n\u00ba 86 de 2022","link_detail_backend":"/materia/19858","metadata":{},"numero":86,"ano":2022,"numero_protocolo":null,"data_apresentacao":"2022-03-14","tipo_apresentacao":"E","data_publicacao":null,"numero_origem_externa":"","ano_origem_externa":null,"data_origem_externa":null,"apelido":"","dias_prazo":null,"data_fim_prazo":null,"em_tramitacao":true,"polemica":false,"objeto":"","complementar":false,"ementa":"No uso de minhas atribui\u00e7\u00f5es regimentais, indico \u00e0 Excelent\u00edssima Senhora Prefeita a Cria\u00e7\u00e3o do Centro Municipal de Lutas.","indexacao":"No uso de minhas atribui\u00e7\u00f5es regimentais, indico \u00e0 Excelent\u00edssima Senhora Prefeita a Cria\u00e7\u00e3o do Centro Municipal de Lutas.","observacao":"","resultado":"","texto_original":null,"data_ultima_atualizacao":"2022-03-14T17:59:16.490999-03:00","ip":"177.55.178.122","ultima_edicao":"2022-03-14T17:58:40.290844-03:00","tipo":10,"regime_tramitacao":1,"tipo_origem_externa":null,"local_origem_externa":null,"user":46,"anexadas":[],"autores":[86]}