{"id":19938,"__str__":"Indica\u00e7\u00e3o n\u00ba 49 de 2022","link_detail_backend":"/materia/19938","metadata":{},"numero":49,"ano":2022,"numero_protocolo":null,"data_apresentacao":"2022-03-21","tipo_apresentacao":"E","data_publicacao":null,"numero_origem_externa":"","ano_origem_externa":null,"data_origem_externa":null,"apelido":"","dias_prazo":null,"data_fim_prazo":null,"em_tramitacao":true,"polemica":false,"objeto":"","complementar":false,"ementa":"Eu, Rafael Vieira Faria, Vereador do Munic\u00edpio de Pedro Leopoldo, venho, no uso de minhas atribui\u00e7\u00f5es, na forma do artigo 129 do Regimento Interno, apresentar INDICA\u00c7\u00c3O, sugerindo a Reforma da Unidade de Referencia em Atendimento Cl\u00ednico Especializado de Sa\u00fade Bucal  S\u00e3o Geraldo, situado na Rua Herm\u00ednio Lopes, n\u00ba 41, no Conjunto Habitacional Romero Carvalho Filho, Pedro Leopoldo, CEP 33255-243, e solicito \u00e0 Vossa Excel\u00eancia que a presente indica\u00e7\u00e3o seja submetida \u00e0 aprecia\u00e7\u00e3o do Plen\u00e1rio, e, em sendo aprovada, que seja encaminhado ao poder executivo municipal, na pessoa da excelent\u00edssima Prefeita Eloisa Helena Carvalho de Freitas Pereira, o of\u00edcio no prazo de dez dias, consoante ao disposto no \u00a75\u00ba do artigo 129 do regimento interno.","indexacao":"Eu, Rafael Vieira Faria, Vereador do Munic\u00edpio de Pedro Leopoldo, venho, no uso de minhas atribui\u00e7\u00f5es, na forma do artigo 129 do Regimento Interno, apresentar INDICA\u00c7\u00c3O, sugerindo a Reforma da Unidade de Referencia em Atendimento Cl\u00ednico Especializado de Sa\u00fade Bucal  S\u00e3o Geraldo, situado na Rua Herm\u00ednio Lopes, n\u00ba 41, no Conjunto Habitacional Romero Carvalho Filho, Pedro Leopoldo, CEP 33255-243, e solicito \u00e0 Vossa Excel\u00eancia que a presente indica\u00e7\u00e3o seja submetida \u00e0 aprecia\u00e7\u00e3o do Plen\u00e1rio, e, em sendo aprovada, que seja encaminhado ao poder executivo municipal, na pessoa da excelent\u00edssima Prefeita Eloisa Helena Carvalho de Freitas Pereira, o of\u00edcio no prazo de dez dias, consoante ao disposto no \u00a75\u00ba do artigo 129 do regimento interno.","observacao":"","resultado":"","texto_original":"http://sapl.pedroleopoldo.mg.leg.br/media/sapl/public/materialegislativa/2022/19938/indicacao_49-22_-_ver_rafael.pdf","data_ultima_atualizacao":"2022-03-24T16:43:53.468031-03:00","ip":"177.55.178.122","ultima_edicao":"2022-03-24T16:31:38.311588-03:00","tipo":8,"regime_tramitacao":1,"tipo_origem_externa":null,"local_origem_externa":null,"user":46,"anexadas":[19857],"autores":[106]}