{"id":19981,"__str__":"Requerimento n\u00ba 7 de 2022","link_detail_backend":"/materia/19981","metadata":{},"numero":7,"ano":2022,"numero_protocolo":null,"data_apresentacao":"2022-03-14","tipo_apresentacao":"E","data_publicacao":null,"numero_origem_externa":"","ano_origem_externa":null,"data_origem_externa":null,"apelido":"","dias_prazo":null,"data_fim_prazo":null,"em_tramitacao":true,"polemica":false,"objeto":"","complementar":false,"ementa":"No uso de minhas atribui\u00e7\u00f5es regimentais, requeiro \u00e0 Excelent\u00edssima Senhora Prefeita a presta\u00e7\u00e3o de contas do que foi feito com os 3,5 milh\u00f5es de reais j\u00e1 pagos pelo governo estadual, referente \u00e0 PEC 68/2021 (Acordo da Vale).","indexacao":"No uso de minhas atribui\u00e7\u00f5es regimentais, requeiro \u00e0 Excelent\u00edssima Senhora Prefeita a presta\u00e7\u00e3o de contas do que foi feito com os 3,5 milh\u00f5es de reais j\u00e1 pagos pelo governo estadual, referente \u00e0 PEC 68/2021 (Acordo da Vale).","observacao":"","resultado":"","texto_original":"http://sapl.pedroleopoldo.mg.leg.br/media/sapl/public/materialegislativa/2022/19981/requerimento_007_-22_-_frederico.pdf","data_ultima_atualizacao":"2022-03-30T17:43:43.775070-03:00","ip":"177.55.178.122","ultima_edicao":"2022-03-30T17:33:41.468736-03:00","tipo":3,"regime_tramitacao":1,"tipo_origem_externa":null,"local_origem_externa":null,"user":46,"anexadas":[19777],"autores":[86]}