{"id":20465,"__str__":"Protocolo n\u00ba 334 de 2022","link_detail_backend":"/materia/20465","metadata":{},"numero":334,"ano":2022,"numero_protocolo":null,"data_apresentacao":"2022-07-26","tipo_apresentacao":"E","data_publicacao":null,"numero_origem_externa":"","ano_origem_externa":null,"data_origem_externa":null,"apelido":"","dias_prazo":null,"data_fim_prazo":null,"em_tramitacao":true,"polemica":false,"objeto":"","complementar":false,"ementa":"Indica Reforma na Passarela Cirilo Pereira da Costa que liga o Bairro S\u00e3o Geraldo \u00e0 regi\u00e3o do Cap\u00e3o e, sucessivamente, a extens\u00e3o de rede de ilumina\u00e7\u00e3o publica, visando promover mais seguran\u00e7a e qualidade de vida \u00e0s pessoas que utilizam esse importante acesso.","indexacao":"Indica Reforma na Passarela Cirilo Pereira da Costa que liga o Bairro S\u00e3o Geraldo \u00e0 regi\u00e3o do Cap\u00e3o e, sucessivamente, a extens\u00e3o de rede de ilumina\u00e7\u00e3o publica, visando promover mais seguran\u00e7a e qualidade de vida \u00e0s pessoas que utilizam esse importante acesso.","observacao":"","resultado":"","texto_original":null,"data_ultima_atualizacao":"2022-07-26T13:35:29.089958-03:00","ip":"177.55.178.122","ultima_edicao":"2022-07-26T13:34:47.953373-03:00","tipo":10,"regime_tramitacao":1,"tipo_origem_externa":null,"local_origem_externa":null,"user":46,"anexadas":[],"autores":[106]}