{"id":21222,"__str__":"Indica\u00e7\u00e3o n\u00ba 31 de 2023","link_detail_backend":"/materia/21222","metadata":{},"numero":31,"ano":2023,"numero_protocolo":null,"data_apresentacao":"2023-02-17","tipo_apresentacao":"E","data_publicacao":null,"numero_origem_externa":"","ano_origem_externa":null,"data_origem_externa":null,"apelido":"","dias_prazo":null,"data_fim_prazo":null,"em_tramitacao":true,"polemica":false,"objeto":"","complementar":false,"ementa":"No uso de minhas atribui\u00e7\u00f5es regimentais, indico \u00e0 Excelent\u00edssima Senhora Prefeita determinar ao setor competente opera\u00e7\u00e3o tapa buracos na Rua Vereador Magno Claret, esquina com a Rua Wenceslau Br\u00e1s, pr\u00f3ximo ao n\u00famero 990 a 1310, no Distrito Lagoa de Santo Ant\u00f4nio, neste Munic\u00edpio.","indexacao":"No uso de minhas atribui\u00e7\u00f5es regimentais, indico \u00e0 Excelent\u00edssima Senhora Prefeita determinar ao setor competente opera\u00e7\u00e3o tapa buracos na Rua Vereador Magno Claret, esquina com a Rua Wenceslau Br\u00e1s, pr\u00f3ximo ao n\u00famero 990 a 1310, no Distrito Lagoa de Santo Ant\u00f4nio, neste Munic\u00edpio.","observacao":"","resultado":"","texto_original":"http://sapl.pedroleopoldo.mg.leg.br/media/sapl/public/materialegislativa/2023/21222/indicacao_no_31_-_2023_-_evaldo_geraldo_do_carmo.pdf","data_ultima_atualizacao":"2023-03-03T17:00:34.123924-03:00","ip":"177.55.178.122","ultima_edicao":"2023-03-03T16:57:06.730252-03:00","tipo":8,"regime_tramitacao":1,"tipo_origem_externa":null,"local_origem_externa":null,"user":46,"anexadas":[21152],"autores":[101]}