{"id":21493,"__str__":"Protocolo n\u00ba 209 de 2023","link_detail_backend":"/materia/21493","metadata":{},"numero":209,"ano":2023,"numero_protocolo":null,"data_apresentacao":"2023-04-11","tipo_apresentacao":"E","data_publicacao":null,"numero_origem_externa":"","ano_origem_externa":null,"data_origem_externa":null,"apelido":"","dias_prazo":null,"data_fim_prazo":null,"em_tramitacao":true,"polemica":false,"objeto":"","complementar":false,"ementa":"No uso de minhas atribui\u00e7\u00f5es regimentais, solicito a Excelent\u00edssima Sra Prefeita a altera\u00e7\u00e3o no decreto com rela\u00e7\u00e3o restri\u00e7\u00e3o de hor\u00e1rios para os vel\u00f3rios e sepultamentos no munic\u00edpio de Pedro Leopoldo MG.","indexacao":"No uso de minhas atribui\u00e7\u00f5es regimentais, solicito a Excelent\u00edssima Sra Prefeita a altera\u00e7\u00e3o no decreto com rela\u00e7\u00e3o restri\u00e7\u00e3o de hor\u00e1rios para os vel\u00f3rios e sepultamentos no munic\u00edpio de Pedro Leopoldo MG.","observacao":"","resultado":"","texto_original":null,"data_ultima_atualizacao":"2023-04-19T14:03:19.323967-03:00","ip":"177.55.178.122","ultima_edicao":"2023-04-11T14:05:57.813732-03:00","tipo":10,"regime_tramitacao":1,"tipo_origem_externa":null,"local_origem_externa":null,"user":46,"anexadas":[],"autores":[75]}