{"id":22791,"__str__":"Projeto de Resolu\u00e7\u00e3o n\u00ba 18 de 2023","link_detail_backend":"/materia/22791","metadata":{},"numero":18,"ano":2023,"numero_protocolo":null,"data_apresentacao":"2023-10-02","tipo_apresentacao":"E","data_publicacao":null,"numero_origem_externa":"","ano_origem_externa":null,"data_origem_externa":null,"apelido":"","dias_prazo":null,"data_fim_prazo":null,"em_tramitacao":false,"polemica":false,"objeto":"","complementar":false,"ementa":"Concede T\u00edtulo de Cidad\u00e3o Honor\u00e1rio de Pedro Leopoldo a Andr\u00e9 Felipe Vieira Andrade Carvalho e d\u00e1 outras provid\u00eancias.","indexacao":"Concede T\u00edtulo de Cidad\u00e3o Honor\u00e1rio de Pedro Leopoldo a Andr\u00e9 Felipe Vieira Andrade Carvalho e d\u00e1 outras provid\u00eancias.\r\n\r\nDENOMINA\u00c7\u00c3O     NACIONALIDADE       CIDAD\u00c3    CIDAD\u00c3O","observacao":"O curr\u00edculo n\u00e3o foi anexado em Documentos Acess\u00f3rios devido \u00e1 Lei Geral de Prote\u00e7\u00e3o de Dados","resultado":"","texto_original":"http://sapl.pedroleopoldo.mg.leg.br/media/sapl/public/materialegislativa/2023/22791/projeto_de_resolucao_18-2023.pdf","data_ultima_atualizacao":"2023-10-27T15:40:28.514643-03:00","ip":"177.55.178.122","ultima_edicao":"2023-10-04T09:51:03.183349-03:00","tipo":2,"regime_tramitacao":1,"tipo_origem_externa":null,"local_origem_externa":null,"user":46,"anexadas":[22751],"autores":[75]}