{"id":23430,"__str__":"Indica\u00e7\u00e3o n\u00ba 8 de 2024","link_detail_backend":"/materia/23430","metadata":{},"numero":8,"ano":2024,"numero_protocolo":null,"data_apresentacao":"2024-02-19","tipo_apresentacao":"E","data_publicacao":null,"numero_origem_externa":"","ano_origem_externa":null,"data_origem_externa":null,"apelido":"","dias_prazo":null,"data_fim_prazo":null,"em_tramitacao":true,"polemica":false,"objeto":"","complementar":false,"ementa":"Venho, no uso de minhas atribui\u00e7\u00f5es, apresentar indica\u00e7\u00e3o, sugerindo ao Poder Executivo a reforma e/ou instala\u00e7\u00e3o de ponto de \u00f4nibus coberto na Rua Comendador Ant\u00f4nio Alves, Centro de Pedro Leopoldo, promovendo mais comodidade \u00e0s pessoas que utilizam o transporte coletivo.","indexacao":"REFORMA RESTRUTURA\u00c7\u00c3O  INSTALA\u00c7\u00c3O PONTO  \u00d4NIBUS  TRANSPORTE  COLETIVO","observacao":"","resultado":"","texto_original":"http://sapl.pedroleopoldo.mg.leg.br/media/sapl/public/materialegislativa/2024/23430/indicacao_008-2024_-__ver_rafael_faria.pdf","data_ultima_atualizacao":"2024-02-22T12:12:12.499308-03:00","ip":"177.55.178.122","ultima_edicao":"2024-02-22T12:04:29.238627-03:00","tipo":8,"regime_tramitacao":1,"tipo_origem_externa":null,"local_origem_externa":null,"user":46,"anexadas":[23246],"autores":[106]}