{"id":2395,"__str__":"Of\u00edcio n\u00ba 100 de 2010","link_detail_backend":"/materia/2395","metadata":{},"numero":100,"ano":2010,"numero_protocolo":null,"data_apresentacao":"2010-03-22","tipo_apresentacao":"E","data_publicacao":null,"numero_origem_externa":"","ano_origem_externa":null,"data_origem_externa":null,"apelido":"","dias_prazo":null,"data_fim_prazo":null,"em_tramitacao":false,"polemica":null,"objeto":"","complementar":null,"ementa":"COM OS MEUS CUMPRIMENTOS,  PARTICIPO A V.EXA. QUE OS VEREADORES ENCAMINHARAM A ESTA PRESID\u00caNCIA O OF\u00cdCIO 01/10 &#8211; ANEXO C\u00d3PIA, SOLICITANDO A REALIZA\u00c7\u00c3O URGENTE DE AUDI\u00caNCIA P\u00daBLICA COM REPRESENTANTES DA PREFISAN,  EXECUTIVO, ASSOCIA\u00c7\u00c3O DOS ENGENHEIROS E TODA COMUNIDADE PARA DISCUSS\u00c3O DAS OBRAS DO PAC QUE EST\u00c3O SENDO REALIZADAS NO MUNIC\u00cdPIO.","indexacao":"COM OS MEUS CUMPRIMENTOS,  PARTICIPO A V.EXA. QUE OS VEREADORES ENCAMINHARAM A ESTA PRESID\u00caNCIA O OF\u00cdCIO 01/10 &#8211; ANEXO C\u00d3PIA, SOLICITANDO A REALIZA\u00c7\u00c3O URGENTE DE AUDI\u00caNCIA P\u00daBLICA COM REPRESENTANTES DA PREFISAN,  EXECUTIVO, ASSOCIA\u00c7\u00c3O DOS ENGENHEIROS E TODA COMUNIDADE PARA DISCUSS\u00c3O DAS OBRAS DO PAC QUE EST\u00c3O SENDO REALIZADAS NO MUNIC\u00cdPIO.","observacao":"","resultado":"","texto_original":"http://sapl.pedroleopoldo.mg.leg.br/media/sapl/public/materialegislativa/2010/2395/2395_texto_integral.doc","data_ultima_atualizacao":"2018-12-19T13:36:51.086027-02:00","ip":"","ultima_edicao":null,"tipo":9,"regime_tramitacao":1,"tipo_origem_externa":null,"local_origem_externa":null,"user":null,"anexadas":[],"autores":[49]}