{"id":24687,"__str__":"Protocolo n\u00ba 564 de 2024","link_detail_backend":"/materia/24687","metadata":{},"numero":564,"ano":2024,"numero_protocolo":null,"data_apresentacao":"2024-09-16","tipo_apresentacao":"E","data_publicacao":null,"numero_origem_externa":"","ano_origem_externa":null,"data_origem_externa":null,"apelido":"","dias_prazo":null,"data_fim_prazo":null,"em_tramitacao":true,"polemica":false,"objeto":"","complementar":false,"ementa":"No uso de minhas atribui\u00e7\u00f5es regimentais, requeiro \u00e0 Excelent\u00edssima Senhora Prefeita informa\u00e7\u00f5es sobre o Programa de Preven\u00e7\u00e3o de Riscos Ambientais referente \u00e0 reforma do CEPPEL, bem como a comprova\u00e7\u00e3o do uso adequado dos Equipamentos de Prote\u00e7\u00e3o Individual (EPIs) por parte dos funcion\u00e1rios envolvidos na obra. Rela\u00e7\u00e3o de todos os trabalhadores que est\u00e3o prestando servi\u00e7os no local, informa\u00e7\u00f5es do trabalhador que sofreu acidente no CEPPEL, incluindo informa\u00e7\u00f5es detalhadas sobre o ocorrido e o estado de sa\u00fade atual desse funcion\u00e1rio.","indexacao":"No uso de minhas atribui\u00e7\u00f5es regimentais, requeiro \u00e0 Excelent\u00edssima Senhora Prefeita informa\u00e7\u00f5es sobre o Programa de Preven\u00e7\u00e3o de Riscos Ambientais referente \u00e0 reforma do CEPPEL, bem como a comprova\u00e7\u00e3o do uso adequado dos Equipamentos de Prote\u00e7\u00e3o Individual (EPIs) por parte dos funcion\u00e1rios envolvidos na obra. Rela\u00e7\u00e3o de todos os trabalhadores que est\u00e3o prestando servi\u00e7os no local, informa\u00e7\u00f5es do trabalhador que sofreu acidente no CEPPEL, incluindo informa\u00e7\u00f5es detalhadas sobre o ocorrido e o estado de sa\u00fade atual desse funcion\u00e1rio.","observacao":"","resultado":"","texto_original":null,"data_ultima_atualizacao":"2024-09-12T11:29:11.770682-03:00","ip":"177.55.178.122","ultima_edicao":"2024-09-04T15:39:56.673610-03:00","tipo":10,"regime_tramitacao":1,"tipo_origem_externa":null,"local_origem_externa":null,"user":46,"anexadas":[],"autores":[86]}