{"id":2476,"__str__":"Of\u00edcio n\u00ba 274 de 2010","link_detail_backend":"/materia/2476","metadata":{},"numero":274,"ano":2010,"numero_protocolo":null,"data_apresentacao":"2010-07-15","tipo_apresentacao":"E","data_publicacao":null,"numero_origem_externa":"","ano_origem_externa":null,"data_origem_externa":null,"apelido":"","dias_prazo":null,"data_fim_prazo":null,"em_tramitacao":false,"polemica":null,"objeto":"","complementar":null,"ementa":"ATENDENDO PEDIDO VERBAL DO VEREADOR L\u00daCIO MAURO DE MATOS CARVALHO SILVA, APRESENTADO NA 23\u00aa REUNI\u00c3O ORDIN\u00c1RIA, REALIZADA EM 12 DE JULHO DE 2010, SOLICITAMOS QUE VOSSA EXCEL\u00caNCIA DETERMINE A INCLUS\u00c3O DOS AUXILIARES DE SERVI\u00c7OS GERAIS NA GRADE DA SECRETARIA DE EDUCA\u00c7\u00c3O, PARA QUE PERCEBAM OS MESMOS BENEF\u00cdCIOS DOS SERVIDORES DESTA CATEGORIA.","indexacao":"ATENDENDO PEDIDO VERBAL DO VEREADOR L\u00daCIO MAURO DE MATOS CARVALHO SILVA, APRESENTADO NA 23\u00aa REUNI\u00c3O ORDIN\u00c1RIA, REALIZADA EM 12 DE JULHO DE 2010, SOLICITAMOS QUE VOSSA EXCEL\u00caNCIA DETERMINE A INCLUS\u00c3O DOS AUXILIARES DE SERVI\u00c7OS GERAIS NA GRADE DA SECRETARIA DE EDUCA\u00c7\u00c3O, PARA QUE PERCEBAM OS MESMOS BENEF\u00cdCIOS DOS SERVIDORES DESTA CATEGORIA.","observacao":"","resultado":"","texto_original":"http://sapl.pedroleopoldo.mg.leg.br/media/sapl/public/materialegislativa/2010/2476/2476_texto_integral.doc","data_ultima_atualizacao":"2018-12-19T13:36:45.579247-02:00","ip":"","ultima_edicao":null,"tipo":9,"regime_tramitacao":1,"tipo_origem_externa":null,"local_origem_externa":null,"user":null,"anexadas":[],"autores":[49]}