{"id":25099,"__str__":"Indica\u00e7\u00e3o n\u00ba 2 de 2025","link_detail_backend":"/materia/25099","metadata":{},"numero":2,"ano":2025,"numero_protocolo":12,"data_apresentacao":"2025-02-10","tipo_apresentacao":"E","data_publicacao":null,"numero_origem_externa":"","ano_origem_externa":null,"data_origem_externa":null,"apelido":"","dias_prazo":null,"data_fim_prazo":null,"em_tramitacao":true,"polemica":false,"objeto":"","complementar":false,"ementa":"No uso de minhas atribui\u00e7\u00f5es regimentais, indico ao Excelent\u00edssimo Senhor Prefeito determinar ao setor competente providenciar a revitaliza\u00e7\u00e3o e a constru\u00e7\u00e3o de um gabi\u00e3o de conten\u00e7\u00e3o na Rodovia Ascendino Jos\u00e9 Costa, na altura do n\u00famero  1600, divisa entre Tapera e Vera Cruz de Minas, neste Munic\u00edpio.","indexacao":"No uso de minhas atribui\u00e7\u00f5es regimentais, indico ao Excelent\u00edssimo Senhor Prefeito determinar ao setor competente providenciar a revitaliza\u00e7\u00e3o e a constru\u00e7\u00e3o de um gabi\u00e3o de conten\u00e7\u00e3o na Rodovia Ascendino Jos\u00e9 Costa, na altura do n\u00famero  1600, divisa entre Tapera e Vera Cruz de Minas, neste Munic\u00edpio.","observacao":"","resultado":"","texto_original":"http://sapl.pedroleopoldo.mg.leg.br/media/sapl/public/materialegislativa/2025/25099/indicacao_02-2025_ver._guilherme.pdf","data_ultima_atualizacao":"2025-02-17T16:03:22.993245-03:00","ip":"177.55.178.122","ultima_edicao":"2025-02-17T16:01:40.818141-03:00","tipo":8,"regime_tramitacao":1,"tipo_origem_externa":null,"local_origem_externa":null,"user":46,"anexadas":[25098],"autores":[102]}