{"id":25161,"__str__":"Indica\u00e7\u00e3o n\u00ba 225 de 2025","link_detail_backend":"/materia/25161","metadata":{},"numero":225,"ano":2025,"numero_protocolo":42,"data_apresentacao":"2025-03-17","tipo_apresentacao":"E","data_publicacao":null,"numero_origem_externa":"","ano_origem_externa":null,"data_origem_externa":null,"apelido":"","dias_prazo":null,"data_fim_prazo":null,"em_tramitacao":true,"polemica":false,"objeto":"","complementar":false,"ementa":"No uso de minhas atribui\u00e7\u00f5es regimentais, indico ao Excelent\u00edssimo Senhor Prefeito solicitar ao  setor competente a revitaliza\u00e7\u00e3o da quadra poliesportiva, localizada no Distrito de Vera Cruz de Minas, neste Mun\u00edcipio.","indexacao":"No uso de minhas atribui\u00e7\u00f5es regimentais, indico ao Excelent\u00edssimo Senhor Prefeito solicitar ao  setor competente a revitaliza\u00e7\u00e3o da quadra poliesportiva, localizada no Distrito de Vera Cruz de Minas, neste Mun\u00edcipio.","observacao":"","resultado":"","texto_original":"http://sapl.pedroleopoldo.mg.leg.br/media/sapl/public/materialegislativa/2025/25161/indicacao_225-2025_ver._guilherme.pdf","data_ultima_atualizacao":"2025-03-28T16:14:56.943407-03:00","ip":"177.55.178.122","ultima_edicao":"2025-03-28T16:14:56.734976-03:00","tipo":8,"regime_tramitacao":1,"tipo_origem_externa":null,"local_origem_externa":null,"user":46,"anexadas":[25160],"autores":[102]}