{"id":25364,"__str__":"Protocolo n\u00ba 142 de 2025","link_detail_backend":"/materia/25364","metadata":{},"numero":142,"ano":2025,"numero_protocolo":null,"data_apresentacao":"2025-01-15","tipo_apresentacao":"E","data_publicacao":null,"numero_origem_externa":"","ano_origem_externa":null,"data_origem_externa":null,"apelido":"","dias_prazo":null,"data_fim_prazo":null,"em_tramitacao":false,"polemica":false,"objeto":"","complementar":false,"ementa":"No uso de minhas atribui\u00e7\u00f5es regimentais, indico ao Excelent\u00edssimo Senhor Prefeito determinar ao setor competente providenciar servi\u00e7os de limpeza (capina e ro\u00e7ada), na rua Manoelito da Cunha, neste munic\u00edpio.","indexacao":"No uso de minhas atribui\u00e7\u00f5es regimentais, indico ao Excelent\u00edssimo Senhor Prefeito determinar ao setor competente providenciar servi\u00e7os de limpeza (capina e ro\u00e7ada), na rua Manoelito da Cunha, neste munic\u00edpio.","observacao":"","resultado":"","texto_original":null,"data_ultima_atualizacao":"2025-01-24T13:57:26.079060-03:00","ip":"177.55.178.122","ultima_edicao":"2025-01-24T13:56:45.615664-03:00","tipo":10,"regime_tramitacao":1,"tipo_origem_externa":null,"local_origem_externa":null,"user":46,"anexadas":[],"autores":[107]}