{"id":25384,"__str__":"Protocolo Provis\u00f3rio n\u00ba 116 de 2025","link_detail_backend":"/materia/25384","metadata":{},"numero":116,"ano":2025,"numero_protocolo":153,"data_apresentacao":"2025-01-16","tipo_apresentacao":"E","data_publicacao":null,"numero_origem_externa":"","ano_origem_externa":null,"data_origem_externa":null,"apelido":"","dias_prazo":null,"data_fim_prazo":null,"em_tramitacao":true,"polemica":false,"objeto":"","complementar":false,"ementa":"No uso de minhas atribui\u00e7\u00f5es regimentais, indico ao Excelent\u00edssimo Senhor Prefeito determinar ao setor competente providenciar servi\u00e7os de limpeza, capina e retirada de lixo e entulho da rua Manoelito Cunha, Laudelino Leal e Nair Cunha, Centro, neste munic\u00edpio.","indexacao":"No uso de minhas atribui\u00e7\u00f5es regimentais, indico ao Excelent\u00edssimo Senhor Prefeito determinar ao setor competente providenciar servi\u00e7os de limpeza, capina e retirada de lixo e entulho da rua Manoelito Cunha, Laudelino Leal e Nair Cunha, Centro, neste munic\u00edpio.","observacao":"","resultado":"","texto_original":"http://sapl.pedroleopoldo.mg.leg.br/media/sapl/public/materialegislativa/2025/25384/indicacao_rua_laudelino_leal_rua_nair_cunha_limpeza_e_capina_2025.docx","data_ultima_atualizacao":"2025-01-24T16:20:25.079913-03:00","ip":"177.55.178.122","ultima_edicao":"2025-01-24T16:20:24.923724-03:00","tipo":57,"regime_tramitacao":1,"tipo_origem_externa":null,"local_origem_externa":null,"user":46,"anexadas":[25383],"autores":[107]}