{"id":25445,"__str__":"Protocolo n\u00ba 182 de 2025","link_detail_backend":"/materia/25445","metadata":{},"numero":182,"ano":2025,"numero_protocolo":null,"data_apresentacao":"2025-01-30","tipo_apresentacao":"E","data_publicacao":null,"numero_origem_externa":"","ano_origem_externa":null,"data_origem_externa":null,"apelido":"","dias_prazo":null,"data_fim_prazo":null,"em_tramitacao":true,"polemica":false,"objeto":"","complementar":false,"ementa":"No uso de minhas atribui\u00e7\u00f5es regimentais, indico ao Exmo. Sr. Prefeito determinar ao setor competente que seja enviado \u00e0 C\u00e2mara  Municipal  projeto do REFIS/ 2025.","indexacao":"No uso de minhas atribui\u00e7\u00f5es regimentais, indico ao Exmo. Sr. Prefeito determinar ao setor competente que seja enviado \u00e0 C\u00e2mara  Municipal  projeto do REFIS/ 2025.","observacao":"","resultado":"","texto_original":null,"data_ultima_atualizacao":"2025-02-18T14:42:01.618918-03:00","ip":"177.55.178.122","ultima_edicao":"2025-01-30T16:44:45.181299-03:00","tipo":10,"regime_tramitacao":1,"tipo_origem_externa":null,"local_origem_externa":null,"user":46,"anexadas":[],"autores":[85,77]}